{"id":1672,"date":"2016-05-18T11:56:22","date_gmt":"2016-05-18T11:56:22","guid":{"rendered":"http:\/\/sagapo.org\/tmp\/fr\/?p=1672"},"modified":"2020-02-24T07:47:23","modified_gmt":"2020-02-24T07:47:23","slug":"sol-luna-intercultural-school","status":"publish","type":"post","link":"https:\/\/sagapo.org\/fr\/2016\/05\/sol-luna-intercultural-school\/","title":{"rendered":"\u00c9cole interculturelle Sol &#038; Luna"},"content":{"rendered":"<p>En raison des graves lacunes du syst\u00e8me \u00e9ducatif p\u00e9ruvien, les enfants sont notre principale motivation et notre pr\u00e9occupation quotidienne. Notre engagement en tant que membres actifs de cette communaut\u00e9 est de cr\u00e9er et d&rsquo;encourager les opportunit\u00e9s d\u2019un avenir meilleur pour ces enfants.<\/p>\n<p>Notre travail se concentre sur l&rsquo;am\u00e9lioration des niveaux scolaires, la promotion du sport chez les enfants et l\u2019encouragement des vocations artistiques et culturelles. Ces efforts sont rendus possibles gr\u00e2ce aux profits de Sol &#038; Luna, \u00e0 la sensibilit\u00e9 sociale des entreprises et \u00e0 la contribution d&rsquo;amis.<\/p>\n<p>L&rsquo;Association Sol &#038; Luna est officiellement enregistr\u00e9e dans les registres publics de Lima. Elle est repr\u00e9sent\u00e9e par Mme Petit Miribel, fondatrice de cette institution.<\/p>\n<h2>\u00c9cole Sol &#038; Luna<\/h2>\n<p><img loading=\"lazy\" decoding=\"async\" class=\"alignleft size-thumbnail wp-image-1586\" src=\"http:\/\/sagapo.org\/wp-content\/uploads\/2013\/09\/blodg2-1-500x350.jpg\" alt=\"blodg2-1\" width=\"500\" height=\"350\" \/>L\u2019Association Sol &#038; Luna a pu concr\u00e9tiser l&rsquo;un de ses projets les plus importants : une \u00e9cole multiculturelle et inclusive qui offre aux enfants d&rsquo;Urubamba la possibilit\u00e9 d&rsquo;une \u00e9ducation globale, instructive et cr\u00e9ative, qui leur permettra de s&rsquo;ins\u00e9rer ais\u00e9ment dans un monde globalis\u00e9.<\/p>\n<p>La Vall\u00e9e Sacr\u00e9e des Incas est habit\u00e9e par diff\u00e9rents types de population : certaines sont \u00e9tablies depuis des g\u00e9n\u00e9rations, certaines se d\u00e9placent temporairement, certains \u00e9trangers adoptent cette terre pour y vivre, des touristes nous rendent d\u2019ailleurs visite tous les jours et des gens migrent des communaut\u00e9s voisines ou d&rsquo;autres provinces. Nous devons tous apprendre \u00e0 coexister et \u00e0 s\u2019enrichir mutuellement avec le m\u00e9lange des cultures et le d\u00e9veloppement de la tol\u00e9rance.<\/p>\n<p>Dans cet esprit, un syst\u00e8me d&rsquo;\u00e9ducation dynamique est propos\u00e9, associ\u00e9 \u00e0 de nombreux espaces et temps pour rire, jouer, partager et communiquer librement. Nos enfants participent \u00e9galement \u00e0 un programme de nutrition et de sant\u00e9 pour renforcer ce processus. Nos valeurs y sont cultiv\u00e9es dans diff\u00e9rents ateliers promouvant les langues, l\u2019informatique, les arts, le th\u00e9\u00e2tre, le cirque, la peinture, la musique et les excursions dans la nature.<\/p>\n<p>Notre objectif est d&rsquo;\u00e9veiller l&rsquo;int\u00e9r\u00eat de l&rsquo;enfant pour diverses activit\u00e9s et de lui apporter le soutien n\u00e9cessaire pour d\u00e9velopper cet int\u00e9r\u00eat. Chaque classe est compos\u00e9e de 15 enfants maximum et nous proposons actuellement des classes pour les enfants de 3, 4 et 5 ans, pour la maternelle, l&rsquo;\u00e9cole primaire et la premi\u00e8re ann\u00e9e du coll\u00e8ge avec un total de 135 merveilleux enfants!<\/p>\n<h3>Nos enfants<\/h3>\n<p>La grande majorit\u00e9 de ces enfants viennent des communaut\u00e9s voisines avec peu ou pas de moyens de subsistance et dans certains cas dans un \u00e9tat d&rsquo;abandon mat\u00e9riel et moral. Leur seule chance de mener une vie digne r\u00e9side dans leur acc\u00e8s \u00e0 une \u00e9ducation de bonne qualit\u00e9.<\/p>\n<p>Cette initiative est actuellement en phase de d\u00e9veloppement et de croissance et permettra aux jeunes membres de la communaut\u00e9 d\u2019acqu\u00e9rir des niveaux scolaires sup\u00e9rieurs, afin de devenir des professionnels du tourisme et de l&rsquo;h\u00f4tellerie.<\/p>\n<p>90% des \u00e9l\u00e8ves qui fr\u00e9quentent l&rsquo;\u00e9cole interculturelle Sol &#038; Luna re\u00e7oivent une bourse partielle ou totale. Afin de financer ces bourses, nous recevons l\u2019aide de \u00abpadrinos\u00bb (m\u00e9c\u00e8nes), qui versent un don de 3700 $ par an. Ce montant couvre les frais d\u2019\u00e9ducation, de repas, d\u2019hygi\u00e8ne et de soins de sant\u00e9 d\u2019un enfant. Cependant, chaque aide, chaque don est toujours le bienvenu et largement appr\u00e9ci\u00e9. Ce programme de parrainage n&rsquo;implique pas de soins suppl\u00e9mentaires ni de relation morale avec les enfants ; c\u2019est un programme anonyme, il prot\u00e8ge l&rsquo;estime de soi de chaque enfant sans donateur sp\u00e9cifique.<\/p>\n<h3>Donations<\/h3>\n<p>To directly contribute with Asociaci\u00f3n Sol &amp; Luna, please use one of the following bank accounts:<br \/>\nBanco de Cr\u00e9dito del Per\u00fa<br \/>\nBeneficiary: Asociaci\u00f3n Sol &amp; Luna<br \/>\nSoles : 285-1901396-0-06<br \/>\nUS$:\u00a0 285-1901121-1-39<br \/>\nSWIFT Code: BCPLPEPL<br \/>\nThe Sol &amp; Luna Association is formally registered in Public Registries in Lima, record 12106812 and before SUNAT with RUC 20518740050.<br \/>\nSol &amp; Luna Association is recognized by the Economy and Finances Ministry of Peru as recipient of donations and authorized to issue donation certificates for tax deduction purposes.<\/p>\n<p><strong>Videos<\/strong><br \/>\nInclusion Miracle &#8211; Programa Punto Final<br \/>\nInclusive education &#8211; Frecuencia Latina<\/p>\n<p><strong>Visit to communities<\/strong><br \/>\nSharing in the \u00ab\u00a0Ni\u00f1os de Jesus\u00a0\u00bb Home<br \/>\nClosing the school year 2012<\/p>\n<p>\u00ab\u00a0Education is the most valuable legacy parents can give to their children\u00a0\u00bb<br \/>\nSol &amp; Luna Intercultural School Urubamba \u2013 Cusco.<br \/>\nMovil:+51 984700272<br \/>\npetit@colegiosolyluna.com&lt;<\/p>\n","protected":false},"excerpt":{"rendered":"<p>En raison des graves lacunes du syst\u00e8me \u00e9ducatif p\u00e9ruvien, les enfants sont notre principale motivation et notre pr\u00e9occupation quotidienne. Notre engagement en tant que membres actifs de cette communaut\u00e9 est de cr\u00e9er et d&rsquo;encourager les opportunit\u00e9s d\u2019un avenir meilleur pour ces enfants. Notre travail se concentre sur l&rsquo;am\u00e9lioration des niveaux scolaires, la promotion du sport [&hellip;]<\/p>\n","protected":false},"author":1,"featured_media":1586,"comment_status":"closed","ping_status":"closed","sticky":false,"template":"","format":"standard","meta":{"footnotes":""},"categories":[33],"tags":[],"class_list":["post-1672","post","type-post","status-publish","format-standard","has-post-thumbnail","hentry","category-actualites"],"yoast_head":"<!-- This site is optimized with the Yoast SEO plugin v27.4 - https:\/\/yoast.com\/product\/yoast-seo-wordpress\/ -->\n<title>\u00c9cole interculturelle Sol &amp; Luna - Sagapo Children&#039;s Foundation<\/title>\n<meta name=\"robots\" content=\"index, follow, max-snippet:-1, max-image-preview:large, max-video-preview:-1\" \/>\n<link rel=\"canonical\" href=\"https:\/\/sagapo.org\/fr\/2016\/05\/sol-luna-intercultural-school\/\" \/>\n<meta property=\"og:locale\" content=\"fr_FR\" \/>\n<meta property=\"og:type\" content=\"article\" \/>\n<meta property=\"og:title\" content=\"\u00c9cole interculturelle Sol &amp; Luna - Sagapo Children&#039;s Foundation\" \/>\n<meta property=\"og:description\" content=\"En raison des graves lacunes du syst\u00e8me \u00e9ducatif p\u00e9ruvien, les enfants sont notre principale motivation et notre pr\u00e9occupation quotidienne. Notre engagement en tant que membres actifs de cette communaut\u00e9 est de cr\u00e9er et d&rsquo;encourager les opportunit\u00e9s d\u2019un avenir meilleur pour ces enfants. Notre travail se concentre sur l&rsquo;am\u00e9lioration des niveaux scolaires, la promotion du sport [&hellip;]\" \/>\n<meta property=\"og:url\" content=\"https:\/\/sagapo.org\/fr\/2016\/05\/sol-luna-intercultural-school\/\" \/>\n<meta property=\"og:site_name\" content=\"Sagapo Children&#039;s Foundation\" \/>\n<meta property=\"article:publisher\" content=\"https:\/\/www.facebook.com\/www.sagapo.org\" \/>\n<meta property=\"article:published_time\" content=\"2016-05-18T11:56:22+00:00\" \/>\n<meta property=\"article:modified_time\" content=\"2020-02-24T07:47:23+00:00\" \/>\n<meta property=\"og:image\" content=\"https:\/\/sagapo.org\/wp-content\/uploads\/2013\/09\/blodg2-1.jpg\" \/>\n\t<meta property=\"og:image:width\" content=\"800\" \/>\n\t<meta property=\"og:image:height\" content=\"600\" \/>\n\t<meta property=\"og:image:type\" content=\"image\/jpeg\" \/>\n<meta name=\"author\" content=\"Sagapo Foundation\" \/>\n<meta name=\"twitter:card\" content=\"summary_large_image\" \/>\n<meta name=\"twitter:creator\" content=\"@FondaSagapo\" \/>\n<meta name=\"twitter:site\" content=\"@FondaSagapo\" \/>\n<meta name=\"twitter:label1\" content=\"\u00c9crit par\" \/>\n\t<meta name=\"twitter:data1\" content=\"Sagapo Foundation\" \/>\n\t<meta name=\"twitter:label2\" content=\"Dur\u00e9e de lecture estim\u00e9e\" \/>\n\t<meta name=\"twitter:data2\" content=\"4 minutes\" \/>\n<script type=\"application\/ld+json\" class=\"yoast-schema-graph\">{\"@context\":\"https:\\\/\\\/schema.org\",\"@graph\":[{\"@type\":\"Article\",\"@id\":\"https:\\\/\\\/sagapo.org\\\/fr\\\/2016\\\/05\\\/sol-luna-intercultural-school\\\/#article\",\"isPartOf\":{\"@id\":\"https:\\\/\\\/sagapo.org\\\/fr\\\/2016\\\/05\\\/sol-luna-intercultural-school\\\/\"},\"author\":{\"name\":\"Sagapo Foundation\",\"@id\":\"https:\\\/\\\/sagapo.org\\\/#\\\/schema\\\/person\\\/a4b300ee502366254eae83671ea60ba2\"},\"headline\":\"\u00c9cole interculturelle Sol &#038; Luna\",\"datePublished\":\"2016-05-18T11:56:22+00:00\",\"dateModified\":\"2020-02-24T07:47:23+00:00\",\"mainEntityOfPage\":{\"@id\":\"https:\\\/\\\/sagapo.org\\\/fr\\\/2016\\\/05\\\/sol-luna-intercultural-school\\\/\"},\"wordCount\":747,\"publisher\":{\"@id\":\"https:\\\/\\\/sagapo.org\\\/#organization\"},\"image\":{\"@id\":\"https:\\\/\\\/sagapo.org\\\/fr\\\/2016\\\/05\\\/sol-luna-intercultural-school\\\/#primaryimage\"},\"thumbnailUrl\":\"https:\\\/\\\/sagapo.org\\\/wp-content\\\/uploads\\\/2013\\\/09\\\/blodg2-1.jpg\",\"articleSection\":[\"Nos Projets\"],\"inLanguage\":\"fr-FR\"},{\"@type\":\"WebPage\",\"@id\":\"https:\\\/\\\/sagapo.org\\\/fr\\\/2016\\\/05\\\/sol-luna-intercultural-school\\\/\",\"url\":\"https:\\\/\\\/sagapo.org\\\/fr\\\/2016\\\/05\\\/sol-luna-intercultural-school\\\/\",\"name\":\"\u00c9cole interculturelle Sol & Luna - Sagapo Children&#039;s Foundation\",\"isPartOf\":{\"@id\":\"https:\\\/\\\/sagapo.org\\\/#website\"},\"primaryImageOfPage\":{\"@id\":\"https:\\\/\\\/sagapo.org\\\/fr\\\/2016\\\/05\\\/sol-luna-intercultural-school\\\/#primaryimage\"},\"image\":{\"@id\":\"https:\\\/\\\/sagapo.org\\\/fr\\\/2016\\\/05\\\/sol-luna-intercultural-school\\\/#primaryimage\"},\"thumbnailUrl\":\"https:\\\/\\\/sagapo.org\\\/wp-content\\\/uploads\\\/2013\\\/09\\\/blodg2-1.jpg\",\"datePublished\":\"2016-05-18T11:56:22+00:00\",\"dateModified\":\"2020-02-24T07:47:23+00:00\",\"breadcrumb\":{\"@id\":\"https:\\\/\\\/sagapo.org\\\/fr\\\/2016\\\/05\\\/sol-luna-intercultural-school\\\/#breadcrumb\"},\"inLanguage\":\"fr-FR\",\"potentialAction\":[{\"@type\":\"ReadAction\",\"target\":[\"https:\\\/\\\/sagapo.org\\\/fr\\\/2016\\\/05\\\/sol-luna-intercultural-school\\\/\"]}]},{\"@type\":\"ImageObject\",\"inLanguage\":\"fr-FR\",\"@id\":\"https:\\\/\\\/sagapo.org\\\/fr\\\/2016\\\/05\\\/sol-luna-intercultural-school\\\/#primaryimage\",\"url\":\"https:\\\/\\\/sagapo.org\\\/wp-content\\\/uploads\\\/2013\\\/09\\\/blodg2-1.jpg\",\"contentUrl\":\"https:\\\/\\\/sagapo.org\\\/wp-content\\\/uploads\\\/2013\\\/09\\\/blodg2-1.jpg\",\"width\":800,\"height\":600},{\"@type\":\"BreadcrumbList\",\"@id\":\"https:\\\/\\\/sagapo.org\\\/fr\\\/2016\\\/05\\\/sol-luna-intercultural-school\\\/#breadcrumb\",\"itemListElement\":[{\"@type\":\"ListItem\",\"position\":1,\"name\":\"Home\",\"item\":\"https:\\\/\\\/sagapo.org\\\/fr\\\/home\\\/\"},{\"@type\":\"ListItem\",\"position\":2,\"name\":\"\u00c9cole interculturelle Sol &#038; Luna\"}]},{\"@type\":\"WebSite\",\"@id\":\"https:\\\/\\\/sagapo.org\\\/#website\",\"url\":\"https:\\\/\\\/sagapo.org\\\/\",\"name\":\"Sagapo Children&#039;s Foundation\",\"description\":\"Children are our future\",\"publisher\":{\"@id\":\"https:\\\/\\\/sagapo.org\\\/#organization\"},\"potentialAction\":[{\"@type\":\"SearchAction\",\"target\":{\"@type\":\"EntryPoint\",\"urlTemplate\":\"https:\\\/\\\/sagapo.org\\\/?s={search_term_string}\"},\"query-input\":{\"@type\":\"PropertyValueSpecification\",\"valueRequired\":true,\"valueName\":\"search_term_string\"}}],\"inLanguage\":\"fr-FR\"},{\"@type\":\"Organization\",\"@id\":\"https:\\\/\\\/sagapo.org\\\/#organization\",\"name\":\"Sagapo\",\"url\":\"https:\\\/\\\/sagapo.org\\\/\",\"logo\":{\"@type\":\"ImageObject\",\"inLanguage\":\"fr-FR\",\"@id\":\"https:\\\/\\\/sagapo.org\\\/#\\\/schema\\\/logo\\\/image\\\/\",\"url\":\"https:\\\/\\\/sagapo.org\\\/wp-content\\\/uploads\\\/2022\\\/01\\\/logo.png\",\"contentUrl\":\"https:\\\/\\\/sagapo.org\\\/wp-content\\\/uploads\\\/2022\\\/01\\\/logo.png\",\"width\":172,\"height\":150,\"caption\":\"Sagapo\"},\"image\":{\"@id\":\"https:\\\/\\\/sagapo.org\\\/#\\\/schema\\\/logo\\\/image\\\/\"},\"sameAs\":[\"https:\\\/\\\/www.facebook.com\\\/www.sagapo.org\",\"https:\\\/\\\/x.com\\\/FondaSagapo\"]},{\"@type\":\"Person\",\"@id\":\"https:\\\/\\\/sagapo.org\\\/#\\\/schema\\\/person\\\/a4b300ee502366254eae83671ea60ba2\",\"name\":\"Sagapo Foundation\"}]}<\/script>\n<!-- \/ Yoast SEO plugin. -->","yoast_head_json":{"title":"\u00c9cole interculturelle Sol & Luna - Sagapo Children&#039;s Foundation","robots":{"index":"index","follow":"follow","max-snippet":"max-snippet:-1","max-image-preview":"max-image-preview:large","max-video-preview":"max-video-preview:-1"},"canonical":"https:\/\/sagapo.org\/fr\/2016\/05\/sol-luna-intercultural-school\/","og_locale":"fr_FR","og_type":"article","og_title":"\u00c9cole interculturelle Sol & Luna - Sagapo Children&#039;s Foundation","og_description":"En raison des graves lacunes du syst\u00e8me \u00e9ducatif p\u00e9ruvien, les enfants sont notre principale motivation et notre pr\u00e9occupation quotidienne. Notre engagement en tant que membres actifs de cette communaut\u00e9 est de cr\u00e9er et d&rsquo;encourager les opportunit\u00e9s d\u2019un avenir meilleur pour ces enfants. Notre travail se concentre sur l&rsquo;am\u00e9lioration des niveaux scolaires, la promotion du sport [&hellip;]","og_url":"https:\/\/sagapo.org\/fr\/2016\/05\/sol-luna-intercultural-school\/","og_site_name":"Sagapo Children&#039;s Foundation","article_publisher":"https:\/\/www.facebook.com\/www.sagapo.org","article_published_time":"2016-05-18T11:56:22+00:00","article_modified_time":"2020-02-24T07:47:23+00:00","og_image":[{"width":800,"height":600,"url":"https:\/\/sagapo.org\/wp-content\/uploads\/2013\/09\/blodg2-1.jpg","type":"image\/jpeg"}],"author":"Sagapo Foundation","twitter_card":"summary_large_image","twitter_creator":"@FondaSagapo","twitter_site":"@FondaSagapo","twitter_misc":{"\u00c9crit par":"Sagapo Foundation","Dur\u00e9e de lecture estim\u00e9e":"4 minutes"},"schema":{"@context":"https:\/\/schema.org","@graph":[{"@type":"Article","@id":"https:\/\/sagapo.org\/fr\/2016\/05\/sol-luna-intercultural-school\/#article","isPartOf":{"@id":"https:\/\/sagapo.org\/fr\/2016\/05\/sol-luna-intercultural-school\/"},"author":{"name":"Sagapo Foundation","@id":"https:\/\/sagapo.org\/#\/schema\/person\/a4b300ee502366254eae83671ea60ba2"},"headline":"\u00c9cole interculturelle Sol &#038; Luna","datePublished":"2016-05-18T11:56:22+00:00","dateModified":"2020-02-24T07:47:23+00:00","mainEntityOfPage":{"@id":"https:\/\/sagapo.org\/fr\/2016\/05\/sol-luna-intercultural-school\/"},"wordCount":747,"publisher":{"@id":"https:\/\/sagapo.org\/#organization"},"image":{"@id":"https:\/\/sagapo.org\/fr\/2016\/05\/sol-luna-intercultural-school\/#primaryimage"},"thumbnailUrl":"https:\/\/sagapo.org\/wp-content\/uploads\/2013\/09\/blodg2-1.jpg","articleSection":["Nos Projets"],"inLanguage":"fr-FR"},{"@type":"WebPage","@id":"https:\/\/sagapo.org\/fr\/2016\/05\/sol-luna-intercultural-school\/","url":"https:\/\/sagapo.org\/fr\/2016\/05\/sol-luna-intercultural-school\/","name":"\u00c9cole interculturelle Sol & Luna - Sagapo Children&#039;s Foundation","isPartOf":{"@id":"https:\/\/sagapo.org\/#website"},"primaryImageOfPage":{"@id":"https:\/\/sagapo.org\/fr\/2016\/05\/sol-luna-intercultural-school\/#primaryimage"},"image":{"@id":"https:\/\/sagapo.org\/fr\/2016\/05\/sol-luna-intercultural-school\/#primaryimage"},"thumbnailUrl":"https:\/\/sagapo.org\/wp-content\/uploads\/2013\/09\/blodg2-1.jpg","datePublished":"2016-05-18T11:56:22+00:00","dateModified":"2020-02-24T07:47:23+00:00","breadcrumb":{"@id":"https:\/\/sagapo.org\/fr\/2016\/05\/sol-luna-intercultural-school\/#breadcrumb"},"inLanguage":"fr-FR","potentialAction":[{"@type":"ReadAction","target":["https:\/\/sagapo.org\/fr\/2016\/05\/sol-luna-intercultural-school\/"]}]},{"@type":"ImageObject","inLanguage":"fr-FR","@id":"https:\/\/sagapo.org\/fr\/2016\/05\/sol-luna-intercultural-school\/#primaryimage","url":"https:\/\/sagapo.org\/wp-content\/uploads\/2013\/09\/blodg2-1.jpg","contentUrl":"https:\/\/sagapo.org\/wp-content\/uploads\/2013\/09\/blodg2-1.jpg","width":800,"height":600},{"@type":"BreadcrumbList","@id":"https:\/\/sagapo.org\/fr\/2016\/05\/sol-luna-intercultural-school\/#breadcrumb","itemListElement":[{"@type":"ListItem","position":1,"name":"Home","item":"https:\/\/sagapo.org\/fr\/home\/"},{"@type":"ListItem","position":2,"name":"\u00c9cole interculturelle Sol &#038; Luna"}]},{"@type":"WebSite","@id":"https:\/\/sagapo.org\/#website","url":"https:\/\/sagapo.org\/","name":"Sagapo Children&#039;s Foundation","description":"Children are our future","publisher":{"@id":"https:\/\/sagapo.org\/#organization"},"potentialAction":[{"@type":"SearchAction","target":{"@type":"EntryPoint","urlTemplate":"https:\/\/sagapo.org\/?s={search_term_string}"},"query-input":{"@type":"PropertyValueSpecification","valueRequired":true,"valueName":"search_term_string"}}],"inLanguage":"fr-FR"},{"@type":"Organization","@id":"https:\/\/sagapo.org\/#organization","name":"Sagapo","url":"https:\/\/sagapo.org\/","logo":{"@type":"ImageObject","inLanguage":"fr-FR","@id":"https:\/\/sagapo.org\/#\/schema\/logo\/image\/","url":"https:\/\/sagapo.org\/wp-content\/uploads\/2022\/01\/logo.png","contentUrl":"https:\/\/sagapo.org\/wp-content\/uploads\/2022\/01\/logo.png","width":172,"height":150,"caption":"Sagapo"},"image":{"@id":"https:\/\/sagapo.org\/#\/schema\/logo\/image\/"},"sameAs":["https:\/\/www.facebook.com\/www.sagapo.org","https:\/\/x.com\/FondaSagapo"]},{"@type":"Person","@id":"https:\/\/sagapo.org\/#\/schema\/person\/a4b300ee502366254eae83671ea60ba2","name":"Sagapo Foundation"}]}},"_links":{"self":[{"href":"https:\/\/sagapo.org\/fr\/wp-json\/wp\/v2\/posts\/1672","targetHints":{"allow":["GET"]}}],"collection":[{"href":"https:\/\/sagapo.org\/fr\/wp-json\/wp\/v2\/posts"}],"about":[{"href":"https:\/\/sagapo.org\/fr\/wp-json\/wp\/v2\/types\/post"}],"author":[{"embeddable":true,"href":"https:\/\/sagapo.org\/fr\/wp-json\/wp\/v2\/users\/1"}],"replies":[{"embeddable":true,"href":"https:\/\/sagapo.org\/fr\/wp-json\/wp\/v2\/comments?post=1672"}],"version-history":[{"count":0,"href":"https:\/\/sagapo.org\/fr\/wp-json\/wp\/v2\/posts\/1672\/revisions"}],"wp:featuredmedia":[{"embeddable":true,"href":"https:\/\/sagapo.org\/fr\/wp-json\/wp\/v2\/media\/1586"}],"wp:attachment":[{"href":"https:\/\/sagapo.org\/fr\/wp-json\/wp\/v2\/media?parent=1672"}],"wp:term":[{"taxonomy":"category","embeddable":true,"href":"https:\/\/sagapo.org\/fr\/wp-json\/wp\/v2\/categories?post=1672"},{"taxonomy":"post_tag","embeddable":true,"href":"https:\/\/sagapo.org\/fr\/wp-json\/wp\/v2\/tags?post=1672"}],"curies":[{"name":"wp","href":"https:\/\/api.w.org\/{rel}","templated":true}]}}